{"id":569,"date":"2022-03-15T16:03:11","date_gmt":"2022-03-15T15:03:11","guid":{"rendered":"https:\/\/v-comp.ch.webhost.v-comp.ch\/?p=569"},"modified":"2022-03-15T16:03:12","modified_gmt":"2022-03-15T15:03:12","slug":"megujult-a-web-oldal","status":"publish","type":"post","link":"https:\/\/v-comp.ch.webhost.v-comp.ch\/?p=569&lang=hu","title":{"rendered":"Meg\u00fajult a web oldal"},"content":{"rendered":"\n<p>Szolg\u00e1ltatsaink fejleszt\u00e9se m\u00e9rf\u00f6ldk\u0151h\u00f6z \u00e9rkezett. Web szolg\u00e1tat\u00e1sunk \u00faj szerveren, a biztons\u00e1gi megfontol\u00e1sok \u00fajragondol\u00e1s\u00e1val  \u00e9s szigor\u00edt\u00e1s\u00e1val l\u00e9p \u00fczembe.<\/p>\n\n\n\n<p>Els\u0151k\u00e9nt b\u00fcszk\u00e9n mutatjuk be \u00faj web oldalunkat, mely a kor\u00e1bbi design elemeket felhaszn\u00e1lva, de \u00faj fel\u00e9p\u00edt\u00e9sben \u00e9s responz\u00edv m\u00f3don \u00e1talak\u00edtva imm\u00e1r desktopon \u00e9s mobilon is \u00e9lvezetes b\u00f6ng\u00e9sz\u00e9st ny\u00fajt.<\/p>\n\n\n\n<p>Mivel az \u00faj web motor t\u00e1mogatja a rendszeres postokat, az elk\u00f6vetkez\u0151 id\u0151ben folyamatosan jelentkez\u00fcnk \u00faj cikkekkel, melyekben a technikai r\u00e9szleteket ismertetj\u00fck  \u00e9s tov\u00e1bbi fejleszt\u00e9seinkre is felh\u00edvjuk a figyelmet. <\/p>\n\n\n\n<p>Rem\u00e9lj\u00fck egyre gyakrabban fogja l\u00e1togatni oldalunkat.<\/p>\n\n\n\n<p>J\u00f3 b\u00f6ng\u00e9sz\u00e9st k\u00edv\u00e1nunk!<\/p>\n\n\n\n<p>V\u00e1gi Attila <br>V-Comp Engineering<\/p>\n","protected":false},"excerpt":{"rendered":"<p>Szolg\u00e1ltatsaink fejleszt\u00e9se m\u00e9rf\u00f6ldk\u0151h\u00f6z \u00e9rkezett. Web szolg\u00e1tat\u00e1sunk \u00faj szerveren, a biztons\u00e1gi megfontol\u00e1sok \u00fajragondol\u00e1s\u00e1val \u00e9s szigor\u00edt\u00e1s\u00e1val l\u00e9p \u00fczembe. Els\u0151k\u00e9nt b\u00fcszk\u00e9n mutatjuk be \u00faj web oldalunkat, mely a kor\u00e1bbi design elemeket felhaszn\u00e1lva, de \u00faj fel\u00e9p\u00edt\u00e9sben \u00e9s responz\u00edv m\u00f3don \u00e1talak\u00edtva imm\u00e1r desktopon \u00e9s mobilon is \u00e9lvezetes b\u00f6ng\u00e9sz\u00e9st ny\u00fajt. Mivel az \u00faj web motor t\u00e1mogatja a rendszeres postokat, az elk\u00f6vetkez\u0151 &hellip; <a href=\"https:\/\/v-comp.ch.webhost.v-comp.ch\/?p=569&#038;lang=hu\" class=\"more-link\">Continue reading<span class=\"screen-reader-text\"> &#8220;Meg\u00fajult a web oldal&#8221;<\/span><\/a><\/p>\n","protected":false},"author":1,"featured_media":0,"comment_status":"open","ping_status":"open","sticky":false,"template":"","format":"standard","meta":{"_editorskit_title_hidden":false,"_editorskit_reading_time":0,"_editorskit_is_block_options_detached":false,"_editorskit_block_options_position":"{}","footnotes":""},"categories":[1],"tags":[],"class_list":["post-569","post","type-post","status-publish","format-standard","hentry","category-uncategorized"],"_links":{"self":[{"href":"https:\/\/v-comp.ch.webhost.v-comp.ch\/index.php?rest_route=\/wp\/v2\/posts\/569","targetHints":{"allow":["GET"]}}],"collection":[{"href":"https:\/\/v-comp.ch.webhost.v-comp.ch\/index.php?rest_route=\/wp\/v2\/posts"}],"about":[{"href":"https:\/\/v-comp.ch.webhost.v-comp.ch\/index.php?rest_route=\/wp\/v2\/types\/post"}],"author":[{"embeddable":true,"href":"https:\/\/v-comp.ch.webhost.v-comp.ch\/index.php?rest_route=\/wp\/v2\/users\/1"}],"replies":[{"embeddable":true,"href":"https:\/\/v-comp.ch.webhost.v-comp.ch\/index.php?rest_route=%2Fwp%2Fv2%2Fcomments&post=569"}],"version-history":[{"count":1,"href":"https:\/\/v-comp.ch.webhost.v-comp.ch\/index.php?rest_route=\/wp\/v2\/posts\/569\/revisions"}],"predecessor-version":[{"id":570,"href":"https:\/\/v-comp.ch.webhost.v-comp.ch\/index.php?rest_route=\/wp\/v2\/posts\/569\/revisions\/570"}],"wp:attachment":[{"href":"https:\/\/v-comp.ch.webhost.v-comp.ch\/index.php?rest_route=%2Fwp%2Fv2%2Fmedia&parent=569"}],"wp:term":[{"taxonomy":"category","embeddable":true,"href":"https:\/\/v-comp.ch.webhost.v-comp.ch\/index.php?rest_route=%2Fwp%2Fv2%2Fcategories&post=569"},{"taxonomy":"post_tag","embeddable":true,"href":"https:\/\/v-comp.ch.webhost.v-comp.ch\/index.php?rest_route=%2Fwp%2Fv2%2Ftags&post=569"}],"curies":[{"name":"wp","href":"https:\/\/api.w.org\/{rel}","templated":true}]}}